{"id":415,"date":"2014-01-30T11:43:48","date_gmt":"2014-01-30T10:43:48","guid":{"rendered":"http:\/\/sensoblog.com\/?p=415"},"modified":"2014-01-30T11:43:48","modified_gmt":"2014-01-30T10:43:48","slug":"vendre-plus-ou-mieux-avec-du-son-en-magasin","status":"publish","type":"post","link":"https:\/\/www.atoomedia.com\/blog\/vendre-plus-ou-mieux-avec-du-son-en-magasin\/","title":{"rendered":"Vendre plus ou mieux avec du son en magasin ?"},"content":{"rendered":"<p>Hier a eu lieu la Conf\u00e9rence de la Semaine du Son 2014 sur le th\u00e8me du marketing sonore en point de vente : \u00ab\u00a0Les ambiances sonores dans les centres commerciaux et les points de vente\u00a0\u00bb. J&rsquo;ai eu l&rsquo;occasion d&rsquo;y participer au nom d&rsquo;<a href=\"http:\/\/www.atoomedia.com\" title=\"AtooMedia\">AtooMedia<\/a> pour pr\u00e9senter en dix minutes un \u00e9tat de l&rsquo;art sur le marketing sonore. Le Conseil Economique et Social \u00e9tait \u00e0 moiti\u00e9 plein, avec plus d&rsquo;une centaine de personnes pr\u00e9sentes. Merci \u00e0 elles ! Si vous n&rsquo;avez pas pu \u00eatre pr\u00e9sent, voici les slides que j&rsquo;ai utilis\u00e9 :<br \/>\n[slideshare id=30568449&amp;doc=2014-semainedusonconf-pub-140129032227-phpapp01]<br \/>\nViendra plus tard une vid\u00e9o de la conf\u00e9rence qui a \u00e9t\u00e9 capt\u00e9e. Tout cela doit \u00eatre mont\u00e9 et mis en ligne par l&rsquo;Association de la Semaine du Son. Je vous tiendrai inform\u00e9. <\/p>\n","protected":false},"excerpt":{"rendered":"<p>Hier a eu lieu la Conf\u00e9rence de la Semaine du Son 2014 sur le th\u00e8me du marketing sonore en point de vente : \u00ab\u00a0Les ambiances sonores dans les centres commerciaux et les points de vente\u00a0\u00bb. J&rsquo;ai eu l&rsquo;occasion d&rsquo;y participer au nom d&rsquo;AtooMedia pour pr\u00e9senter en dix minutes un \u00e9tat de l&rsquo;art sur le marketing [&hellip;]<\/p>\n","protected":false},"author":2,"featured_media":0,"comment_status":"open","ping_status":"open","sticky":false,"template":"","format":"standard","meta":{"footnotes":""},"categories":[21],"tags":[47,31,20,60],"class_list":["post-415","post","type-post","status-publish","format-standard","hentry","category-marketing-sonore-design-musical-identite-sonore","tag-atoomedia","tag-conference","tag-marketing-sonore","tag-semaine-du-son"],"_links":{"self":[{"href":"https:\/\/www.atoomedia.com\/blog\/wp-json\/wp\/v2\/posts\/415","targetHints":{"allow":["GET"]}}],"collection":[{"href":"https:\/\/www.atoomedia.com\/blog\/wp-json\/wp\/v2\/posts"}],"about":[{"href":"https:\/\/www.atoomedia.com\/blog\/wp-json\/wp\/v2\/types\/post"}],"author":[{"embeddable":true,"href":"https:\/\/www.atoomedia.com\/blog\/wp-json\/wp\/v2\/users\/2"}],"replies":[{"embeddable":true,"href":"https:\/\/www.atoomedia.com\/blog\/wp-json\/wp\/v2\/comments?post=415"}],"version-history":[{"count":0,"href":"https:\/\/www.atoomedia.com\/blog\/wp-json\/wp\/v2\/posts\/415\/revisions"}],"wp:attachment":[{"href":"https:\/\/www.atoomedia.com\/blog\/wp-json\/wp\/v2\/media?parent=415"}],"wp:term":[{"taxonomy":"category","embeddable":true,"href":"https:\/\/www.atoomedia.com\/blog\/wp-json\/wp\/v2\/categories?post=415"},{"taxonomy":"post_tag","embeddable":true,"href":"https:\/\/www.atoomedia.com\/blog\/wp-json\/wp\/v2\/tags?post=415"}],"curies":[{"name":"wp","href":"https:\/\/api.w.org\/{rel}","templated":true}]}}