{"id":489,"date":"2015-01-22T14:38:43","date_gmt":"2015-01-22T13:38:43","guid":{"rendered":"http:\/\/sensoblog.com\/?p=489"},"modified":"2015-01-22T14:38:43","modified_gmt":"2015-01-22T13:38:43","slug":"semaine-du-son-2015-acoustique-des-salles-de-concert-prise-de-son-et-restitution","status":"publish","type":"post","link":"https:\/\/www.atoomedia.com\/blog\/semaine-du-son-2015-acoustique-des-salles-de-concert-prise-de-son-et-restitution\/","title":{"rendered":"Semaine du Son 2015 : Acoustique des salles de concert, prise de son et restitution"},"content":{"rendered":"<p class=\"spip\"><img loading=\"lazy\" decoding=\"async\" class=\"alignnone\" src=\"http:\/\/www.lasemaineduson.org\/local\/cache-vignettes\/L179xH130\/siteon0-a6da2.png\" alt=\"\" width=\"179\" height=\"130\" \/><\/p>\n<p class=\"spip\">En pr\u00e9sence de Costa-Gavras, cet apr\u00e8s-midi du 23 janvier sera r\u00e9serv\u00e9 \u00e0 la question des nouvelles salles de concert et aux probl\u00e9matiques entre live et enregistrement. Voici le programme :<\/p>\n<p>15h <br class=\"autobr\" \/> <strong>Ouverture par Mathieu Gallet <\/strong> (sous r\u00e9serve), pr\u00e9sident de Radio France, et <strong>Agn\u00e8s Saal<\/strong>, pr\u00e9sidente de l\u2019Institut national de l\u2019audiovisuel \u2013 Ina<\/p>\n<p>S\u00e9ance mod\u00e9r\u00e9e par <strong>Christian Hugonnet <\/strong> et <strong>Antoine Lehembre<\/strong>, D\u00e9l\u00e9gu\u00e9 \u00e0 la Production \u00e0 Radio France<\/p>\n<p><!--more--><\/p>\n<p>15h15<br class=\"autobr\" \/> <strong>Ouverture musicale par un quatuor du Conservatoire de Paris<\/strong><\/p>\n<p>15h30 <br class=\"autobr\" \/> <strong>Les nouvelles salles de concert\u00a0: qu\u2019en attend-on\u00a0?<\/strong><\/p>\n<p>avec <strong>Marc Quiquerez <\/strong> (acousticien, Agence Nagata) et <strong>Eckhard Kahle <\/strong> (acousticien, Kahle Acoustics), <strong>Gaspard Joly <\/strong> (architecte, AS.Architecture-Studio), <strong>Jean-Claude Casadesus<\/strong>, chef d\u2019orchestre (Orchestre National de Lille)<\/p>\n<p>16h30<br class=\"autobr\" \/> <strong>Interm\u00e8de musical par un quatuor du Conservatoire de Paris <\/strong><\/p>\n<p>16h45 <br class=\"autobr\" \/> <strong>Salles de concert et restitution\u00a0: quelle ad\u00e9quation entre le concert, son enregistrement, sa restitution et sa conservation\u00a0?<\/strong><\/p>\n<p>avec <strong>Pierre Charvet<\/strong>, directeur adjoint de France Musique, <strong>Daniel Zalay<\/strong>, musicien metteur en ondes \u00e0 Radio France, <strong>Cyril Becue<\/strong>, ing\u00e9nieur du son \u00e0 Radio France, <strong>Matthieu Parmentier<\/strong>, Direction Innovations &amp; D\u00e9veloppements \u00e0 France T\u00e9l\u00e9visions, <strong>Bruno d\u2019Isidoro<\/strong>, DSAT Cinema, <strong>Jannine Langlois-Glandier<\/strong>, pr\u00e9sidente du Forum M\u00e9dias Mobiles, <strong>Daniel Teruggi<\/strong>, directeur recherche et exp\u00e9rimentation \u00e0 l\u2019Ina, <strong>Yves Riesel,<\/strong> Pr\u00e9sident de Qobuz, <strong>Hubert Bo\u00fcan du Chef du Bos<\/strong>, Blu-ray Partners France<\/p>\n<p>17h45-18h<br class=\"autobr\" \/> <strong>Cl\u00f4ture en musique par un quatuor du Conservatoire de Paris <\/strong><\/p>\n<p>20h<br class=\"autobr\" \/> <strong>Concert de l\u2019Orchestre National de France<\/strong><\/p>\n<p class=\"location\"><strong class=\"lieu crayon evenement-lieu-843 \">Radio France &#8211; Grand auditorium<\/strong><br \/>\n<span class=\"adresse crayon evenement-adresse-843 \">116, avenue du Pr\u00e9sident-Kennedy<br class=\"autobr\" \/> 75016 Paris<br class=\"autobr\" \/> RER\u00a0: Ligne C, station Avenue du Pr\u00e9sident-Kennedy \/ Maison de Radio France<br class=\"autobr\" \/> M\u00e9tro\u00a0: stations Passy, Ranelagh, La Muette, Mirabeau ou Bir-Hakeim <\/span><\/p>\n<p class=\"location\">Pour plus d&rsquo;information : <a href=\"http:\/\/www.lasemaineduson.org\/acoustique-des-salles-de-concert-prise-de-son-et-restitution\">La Semaine du Son<\/a>.<\/p>\n","protected":false},"excerpt":{"rendered":"<p>En pr\u00e9sence de Costa-Gavras, cet apr\u00e8s-midi du 23 janvier sera r\u00e9serv\u00e9 \u00e0 la question des nouvelles salles de concert et aux probl\u00e9matiques entre live et enregistrement. Voici le programme : 15h Ouverture par Mathieu Gallet (sous r\u00e9serve), pr\u00e9sident de Radio France, et Agn\u00e8s Saal, pr\u00e9sidente de l\u2019Institut national de l\u2019audiovisuel \u2013 Ina S\u00e9ance mod\u00e9r\u00e9e par [&hellip;]<\/p>\n","protected":false},"author":2,"featured_media":0,"comment_status":"open","ping_status":"open","sticky":false,"template":"","format":"standard","meta":{"footnotes":""},"categories":[94],"tags":[96,49,97],"class_list":["post-489","post","type-post","status-publish","format-standard","hentry","category-divers","tag-acoustique","tag-la-semaine-du-son","tag-radio-france"],"_links":{"self":[{"href":"https:\/\/www.atoomedia.com\/blog\/wp-json\/wp\/v2\/posts\/489","targetHints":{"allow":["GET"]}}],"collection":[{"href":"https:\/\/www.atoomedia.com\/blog\/wp-json\/wp\/v2\/posts"}],"about":[{"href":"https:\/\/www.atoomedia.com\/blog\/wp-json\/wp\/v2\/types\/post"}],"author":[{"embeddable":true,"href":"https:\/\/www.atoomedia.com\/blog\/wp-json\/wp\/v2\/users\/2"}],"replies":[{"embeddable":true,"href":"https:\/\/www.atoomedia.com\/blog\/wp-json\/wp\/v2\/comments?post=489"}],"version-history":[{"count":0,"href":"https:\/\/www.atoomedia.com\/blog\/wp-json\/wp\/v2\/posts\/489\/revisions"}],"wp:attachment":[{"href":"https:\/\/www.atoomedia.com\/blog\/wp-json\/wp\/v2\/media?parent=489"}],"wp:term":[{"taxonomy":"category","embeddable":true,"href":"https:\/\/www.atoomedia.com\/blog\/wp-json\/wp\/v2\/categories?post=489"},{"taxonomy":"post_tag","embeddable":true,"href":"https:\/\/www.atoomedia.com\/blog\/wp-json\/wp\/v2\/tags?post=489"}],"curies":[{"name":"wp","href":"https:\/\/api.w.org\/{rel}","templated":true}]}}