{"id":85,"date":"2007-02-13T09:25:49","date_gmt":"2007-02-13T09:25:49","guid":{"rendered":"http:\/\/www.sensoblog.com\/wordpress\/?p=85"},"modified":"2007-02-13T09:25:49","modified_gmt":"2007-02-13T09:25:49","slug":"20070213134-le-journal-televise-jt-a-ses-codes-musicaux","status":"publish","type":"post","link":"https:\/\/www.atoomedia.com\/blog\/20070213134-le-journal-televise-jt-a-ses-codes-musicaux\/","title":{"rendered":"Le journal t\u00e9l\u00e9vis\u00e9 (JT) a ses codes musicaux"},"content":{"rendered":"<p>La musique d&rsquo;amorce du journal t\u00e9l\u00e9vis\u00e9 de 20h doit respecter l&rsquo;image et la ligne \u00e9ditoriale de la cha\u00eene tout en retenant le t\u00e9l\u00e9spectateur! Il r\u00e9pond \u00e0 des \u00e9l\u00e9ments pr\u00e9cis et il est parfois d\u00e9licat d&rsquo;en changer&#8230;<br \/>\n<!--more--><br \/>\nEn quelques secondes, le g\u00e9n\u00e9rique de votre JT doit retenir votre attention. Jean-No\u00ebl Rey pr\u00e9cise que \u00ab\u00a0couleurs, d\u00e9cors, bande-son participent \u00e0 la mise en sc\u00e8ne et illustrent la mani\u00e8re dont les cha\u00eenes traitent l&rsquo;actualit\u00e9.\u00a0\u00bb Comment donc changer sans perturber le t\u00e9l\u00e9spectateur ? Emmanuelle Lacaze, productrice chez Gedeon, en charge de l&rsquo;habillage des cha\u00eenes du groupe France T\u00e9l\u00e9visions indique que \u00ab\u00a0le JT est un programme relativement fig\u00e9 parce qu&rsquo;il repr\u00e9sente l&rsquo;image de marque d&rsquo;une cha\u00eene g\u00e9n\u00e9raliste et figure parmi les meilleures audiences\u00a0\u00bb&#8230; comprenez, qu&rsquo;il n&rsquo;est pas possible de faire n&rsquo;importe quoi ! Pourtant en septembre 2006, TF1 et France 2 ont toutes deux moderniser l&rsquo;ensemble de leur JT, y compris le jingle musical de ce rendez-vous de l&rsquo;information. <br \/> Plus court, plus moderne gr\u00e2ce \u00e0 des sons synth\u00e9tiques, le g\u00e9n\u00e9rique de France 2 respecte les codes. St\u00e9phane Werner, son compositeur t\u00e9moigne : \u00ab\u00a0Qui dit actualit\u00e9 dit urgence, avec un rythme rapide, et tension, avec des notes basses.\u00a0\u00bb La Une avait pr\u00e9f\u00e9r\u00e9 remixer son ancienne bande-son pour aboutir \u00e0 une m\u00e9lodie plus douce \u00e0 l&rsquo;oreille mais moins accrocheuse qui n&rsquo;est rest\u00e9e que trois mois ! Depuis le 13 d\u00e9cembre, la cha\u00eene est revenue \u00e0 la version originale (aaah les remixes ! \ud83d\ude09 ). Robert Namias pr\u00e9cise qu&rsquo;ils n&rsquo;\u00e9taient \u00ab\u00a0pas tout \u00e0 fait satisfaits du nouvel arrangement musical\u00a0\u00bb. Chez Gedeon on pense que \u00ab\u00a0c&rsquo;est un ressenti : la musique n&rsquo;\u00e9tait peut \u00eatre pas assez anxiog\u00e8ne par rapport \u00e0 la ligne \u00e9ditoriale de leur journal\u00a0\u00bb. Pourtant Serge Llade sur Europe 1 en d\u00e9cembre, chroniqueur sp\u00e9cialiste en plagiat musical, d\u00e9montrait que le g\u00e9n\u00e9rique de TF1 \u00ab\u00a0sugg\u00e9rait l&rsquo;angoisse en s&rsquo;inspirant de la bande originale des Dents de la Mer\u00a0\u00bb&#8230; impressionant non ? Encore plus impressionant si je vous dit que toute cette analyse a \u00e9t\u00e9 publi\u00e9e dans le magazine \u00ab\u00a0TV Grandes Cha\u00eenes\u00a0\u00bb n\u00b074 ! Qui a dit que l&rsquo;identit\u00e9 sonore \u00e9tait r\u00e9serv\u00e9e \u00e0 un public avertit ? \ud83d\ude09 (<i>source : Olivia Moulin, TV Grandes Cha\u00eenes, n\u00b074, p.135<\/i>)<\/p>\n","protected":false},"excerpt":{"rendered":"<p>La musique d&rsquo;amorce du journal t\u00e9l\u00e9vis\u00e9 de 20h doit respecter l&rsquo;image et la ligne \u00e9ditoriale de la cha\u00eene tout en retenant le t\u00e9l\u00e9spectateur! Il r\u00e9pond \u00e0 des \u00e9l\u00e9ments pr\u00e9cis et il est parfois d\u00e9licat d&rsquo;en changer&#8230;<\/p>\n","protected":false},"author":2,"featured_media":0,"comment_status":"open","ping_status":"open","sticky":false,"template":"","format":"standard","meta":{"footnotes":""},"categories":[21],"tags":[],"class_list":["post-85","post","type-post","status-publish","format-standard","hentry","category-marketing-sonore-design-musical-identite-sonore"],"_links":{"self":[{"href":"https:\/\/www.atoomedia.com\/blog\/wp-json\/wp\/v2\/posts\/85","targetHints":{"allow":["GET"]}}],"collection":[{"href":"https:\/\/www.atoomedia.com\/blog\/wp-json\/wp\/v2\/posts"}],"about":[{"href":"https:\/\/www.atoomedia.com\/blog\/wp-json\/wp\/v2\/types\/post"}],"author":[{"embeddable":true,"href":"https:\/\/www.atoomedia.com\/blog\/wp-json\/wp\/v2\/users\/2"}],"replies":[{"embeddable":true,"href":"https:\/\/www.atoomedia.com\/blog\/wp-json\/wp\/v2\/comments?post=85"}],"version-history":[{"count":0,"href":"https:\/\/www.atoomedia.com\/blog\/wp-json\/wp\/v2\/posts\/85\/revisions"}],"wp:attachment":[{"href":"https:\/\/www.atoomedia.com\/blog\/wp-json\/wp\/v2\/media?parent=85"}],"wp:term":[{"taxonomy":"category","embeddable":true,"href":"https:\/\/www.atoomedia.com\/blog\/wp-json\/wp\/v2\/categories?post=85"},{"taxonomy":"post_tag","embeddable":true,"href":"https:\/\/www.atoomedia.com\/blog\/wp-json\/wp\/v2\/tags?post=85"}],"curies":[{"name":"wp","href":"https:\/\/api.w.org\/{rel}","templated":true}]}}